{"id":274,"date":"2017-12-21T11:09:55","date_gmt":"2017-12-21T11:09:55","guid":{"rendered":"http:\/\/cprada.educacion.navarra.es\/radaschildren\/?p=274"},"modified":"2017-12-21T11:09:55","modified_gmt":"2017-12-21T11:09:55","slug":"cumpleanos-primer-trimestre","status":"publish","type":"post","link":"https:\/\/cprada.educacion.navarra.es\/radaschildren\/cumpleanos-primer-trimestre\/","title":{"rendered":"CUMPLEA\u00d1OS PRIMER TRIMESTRE"},"content":{"rendered":"<p>Este trimestre hemos celebrado los cumplea\u00f1os de Alain, Udane, Amira, Xue, Yamna y Julen, Nos encanta cuando un amigo cumple los a\u00f1os&#8230; y tambi\u00e9n los bizcochos y tartas que prepar\u00e1is!<\/p>\n<p>En este enlace ten\u00e9is la fotos:<\/p>\n<p><a href=\"https:\/\/photos.app.goo.gl\/jMLgngU46ELGy1Zw1\">https:\/\/photos.app.goo.gl\/jMLgngU46ELGy1Zw1<\/a><\/p>\n<p><img src=\"http:\/\/www.quo.es\/var\/quo\/storage\/images\/salud\/cumpleanos\/1358222-1-esl-ES\/soplar-las-velas-de-la-tarta-de-cumpleanos-no-es-muy-higienico_full_landscape.jpg\" alt=\"Resultado de imagen de tarta cumplea\u00f1os\" \/><\/p>\n","protected":false},"excerpt":{"rendered":"<p>Este trimestre hemos celebrado los cumplea\u00f1os de Alain, Udane, Amira, Xue, Yamna y Julen, Nos encanta cuando un amigo cumple los a\u00f1os&#8230; y tambi\u00e9n los bizcochos y tartas que prepar\u00e1is! En este enlace ten\u00e9is la fotos: https:\/\/photos.app.goo.gl\/jMLgngU46ELGy1Zw1<\/p>\n","protected":false},"author":18,"featured_media":0,"comment_status":"open","ping_status":"open","sticky":false,"template":"","format":"standard","meta":[],"categories":[1],"tags":[],"_links":{"self":[{"href":"https:\/\/cprada.educacion.navarra.es\/radaschildren\/wp-json\/wp\/v2\/posts\/274"}],"collection":[{"href":"https:\/\/cprada.educacion.navarra.es\/radaschildren\/wp-json\/wp\/v2\/posts"}],"about":[{"href":"https:\/\/cprada.educacion.navarra.es\/radaschildren\/wp-json\/wp\/v2\/types\/post"}],"author":[{"embeddable":true,"href":"https:\/\/cprada.educacion.navarra.es\/radaschildren\/wp-json\/wp\/v2\/users\/18"}],"replies":[{"embeddable":true,"href":"https:\/\/cprada.educacion.navarra.es\/radaschildren\/wp-json\/wp\/v2\/comments?post=274"}],"version-history":[{"count":5,"href":"https:\/\/cprada.educacion.navarra.es\/radaschildren\/wp-json\/wp\/v2\/posts\/274\/revisions"}],"predecessor-version":[{"id":290,"href":"https:\/\/cprada.educacion.navarra.es\/radaschildren\/wp-json\/wp\/v2\/posts\/274\/revisions\/290"}],"wp:attachment":[{"href":"https:\/\/cprada.educacion.navarra.es\/radaschildren\/wp-json\/wp\/v2\/media?parent=274"}],"wp:term":[{"taxonomy":"category","embeddable":true,"href":"https:\/\/cprada.educacion.navarra.es\/radaschildren\/wp-json\/wp\/v2\/categories?post=274"},{"taxonomy":"post_tag","embeddable":true,"href":"https:\/\/cprada.educacion.navarra.es\/radaschildren\/wp-json\/wp\/v2\/tags?post=274"}],"curies":[{"name":"wp","href":"https:\/\/api.w.org\/{rel}","templated":true}]}}