{"id":300,"date":"2018-01-31T09:26:35","date_gmt":"2018-01-31T09:26:35","guid":{"rendered":"http:\/\/cprada.educacion.navarra.es\/radaschildren\/?p=300"},"modified":"2018-01-31T09:31:07","modified_gmt":"2018-01-31T09:31:07","slug":"leemos-con-los-mayores","status":"publish","type":"post","link":"https:\/\/cprada.educacion.navarra.es\/radaschildren\/leemos-con-los-mayores\/","title":{"rendered":"LEEMOS CON LOS MAYORES"},"content":{"rendered":"<p>El otro d\u00eda los ni\u00f1os de primaria vinieron a leernos cuentos en ingl\u00e9s y castellano. Nos pusimos en parejas y fuimos cambiando los libros. \u00a1Nos gust\u00f3 mucho esta actividad!<\/p>\n<p>Ten\u00e9is las fotos en el siguiente enlace:<\/p>\n<p><a href=\"https:\/\/photos.app.goo.gl\/ZGznstWKQkrs45nV2\">https:\/\/photos.app.goo.gl\/ZGznstWKQkrs45nV2<\/a><\/p>\n<p><img loading=\"lazy\" class=\"alignnone wp-image-301\" src=\"https:\/\/cprada.educacion.navarra.es\/radaschildren\/wp-content\/uploads\/sites\/3\/2018\/01\/IMG_20180126_125641-min-300x225.jpg\" alt=\"\" width=\"398\" height=\"300\" srcset=\"https:\/\/cprada.educacion.navarra.es\/radaschildren\/wp-content\/uploads\/sites\/3\/2018\/01\/IMG_20180126_125641-min-300x225.jpg 300w, https:\/\/cprada.educacion.navarra.es\/radaschildren\/wp-content\/uploads\/sites\/3\/2018\/01\/IMG_20180126_125641-min-768x576.jpg 768w, https:\/\/cprada.educacion.navarra.es\/radaschildren\/wp-content\/uploads\/sites\/3\/2018\/01\/IMG_20180126_125641-min-2048x1536.jpg 2048w\" sizes=\"(max-width: 398px) 100vw, 398px\" \/><\/p>\n","protected":false},"excerpt":{"rendered":"<p>El otro d\u00eda los ni\u00f1os de primaria vinieron a leernos cuentos en ingl\u00e9s y castellano. Nos pusimos en parejas y fuimos cambiando los libros. \u00a1Nos gust\u00f3 mucho esta actividad! Ten\u00e9is las fotos en el siguiente enlace: https:\/\/photos.app.goo.gl\/ZGznstWKQkrs45nV2<\/p>\n","protected":false},"author":18,"featured_media":0,"comment_status":"open","ping_status":"open","sticky":false,"template":"","format":"standard","meta":[],"categories":[1],"tags":[],"_links":{"self":[{"href":"https:\/\/cprada.educacion.navarra.es\/radaschildren\/wp-json\/wp\/v2\/posts\/300"}],"collection":[{"href":"https:\/\/cprada.educacion.navarra.es\/radaschildren\/wp-json\/wp\/v2\/posts"}],"about":[{"href":"https:\/\/cprada.educacion.navarra.es\/radaschildren\/wp-json\/wp\/v2\/types\/post"}],"author":[{"embeddable":true,"href":"https:\/\/cprada.educacion.navarra.es\/radaschildren\/wp-json\/wp\/v2\/users\/18"}],"replies":[{"embeddable":true,"href":"https:\/\/cprada.educacion.navarra.es\/radaschildren\/wp-json\/wp\/v2\/comments?post=300"}],"version-history":[{"count":2,"href":"https:\/\/cprada.educacion.navarra.es\/radaschildren\/wp-json\/wp\/v2\/posts\/300\/revisions"}],"predecessor-version":[{"id":303,"href":"https:\/\/cprada.educacion.navarra.es\/radaschildren\/wp-json\/wp\/v2\/posts\/300\/revisions\/303"}],"wp:attachment":[{"href":"https:\/\/cprada.educacion.navarra.es\/radaschildren\/wp-json\/wp\/v2\/media?parent=300"}],"wp:term":[{"taxonomy":"category","embeddable":true,"href":"https:\/\/cprada.educacion.navarra.es\/radaschildren\/wp-json\/wp\/v2\/categories?post=300"},{"taxonomy":"post_tag","embeddable":true,"href":"https:\/\/cprada.educacion.navarra.es\/radaschildren\/wp-json\/wp\/v2\/tags?post=300"}],"curies":[{"name":"wp","href":"https:\/\/api.w.org\/{rel}","templated":true}]}}