{"id":309,"date":"2018-03-01T18:40:52","date_gmt":"2018-03-01T18:40:52","guid":{"rendered":"http:\/\/cprada.educacion.navarra.es\/radaschildren\/?p=309"},"modified":"2018-03-01T18:41:27","modified_gmt":"2018-03-01T18:41:27","slug":"cumpleanos-segundo-trimestre","status":"publish","type":"post","link":"https:\/\/cprada.educacion.navarra.es\/radaschildren\/cumpleanos-segundo-trimestre\/","title":{"rendered":"CUMPLEA\u00d1OS SEGUNDO TRIMESTRE"},"content":{"rendered":"<p>Adri\u00e1n, Vanilla, Ibtissam e Iraia han cumplido ya 5 a\u00f1os! Pod\u00e9is ver las fotos\u00a0 de las celebraciones en el siguiente enlace:<\/p>\n<p><a href=\"https:\/\/photos.app.goo.gl\/kVMzDOzkvBsUSV9t2\">https:\/\/photos.app.goo.gl\/kVMzDOzkvBsUSV9t2<\/a><\/p>\n<p>&nbsp;<\/p>\n<p><img src=\"https:\/\/previews.123rf.com\/images\/tigatelu\/tigatelu1502\/tigatelu150200085\/36777826-muchacha-que-sopla-las-velas-de-cumplea%C3%B1os-de-dibujos-animados-feliz-con-sus-amigos.jpg\" alt=\"Resultado de imagen de DIBUJO ANIMADO CUMPLEA\u00d1OS\" \/><\/p>\n","protected":false},"excerpt":{"rendered":"<p>Adri\u00e1n, Vanilla, Ibtissam e Iraia han cumplido ya 5 a\u00f1os! Pod\u00e9is ver las fotos\u00a0 de las celebraciones en el siguiente enlace: https:\/\/photos.app.goo.gl\/kVMzDOzkvBsUSV9t2 &nbsp;<\/p>\n","protected":false},"author":18,"featured_media":0,"comment_status":"open","ping_status":"open","sticky":false,"template":"","format":"standard","meta":[],"categories":[1],"tags":[],"_links":{"self":[{"href":"https:\/\/cprada.educacion.navarra.es\/radaschildren\/wp-json\/wp\/v2\/posts\/309"}],"collection":[{"href":"https:\/\/cprada.educacion.navarra.es\/radaschildren\/wp-json\/wp\/v2\/posts"}],"about":[{"href":"https:\/\/cprada.educacion.navarra.es\/radaschildren\/wp-json\/wp\/v2\/types\/post"}],"author":[{"embeddable":true,"href":"https:\/\/cprada.educacion.navarra.es\/radaschildren\/wp-json\/wp\/v2\/users\/18"}],"replies":[{"embeddable":true,"href":"https:\/\/cprada.educacion.navarra.es\/radaschildren\/wp-json\/wp\/v2\/comments?post=309"}],"version-history":[{"count":2,"href":"https:\/\/cprada.educacion.navarra.es\/radaschildren\/wp-json\/wp\/v2\/posts\/309\/revisions"}],"predecessor-version":[{"id":311,"href":"https:\/\/cprada.educacion.navarra.es\/radaschildren\/wp-json\/wp\/v2\/posts\/309\/revisions\/311"}],"wp:attachment":[{"href":"https:\/\/cprada.educacion.navarra.es\/radaschildren\/wp-json\/wp\/v2\/media?parent=309"}],"wp:term":[{"taxonomy":"category","embeddable":true,"href":"https:\/\/cprada.educacion.navarra.es\/radaschildren\/wp-json\/wp\/v2\/categories?post=309"},{"taxonomy":"post_tag","embeddable":true,"href":"https:\/\/cprada.educacion.navarra.es\/radaschildren\/wp-json\/wp\/v2\/tags?post=309"}],"curies":[{"name":"wp","href":"https:\/\/api.w.org\/{rel}","templated":true}]}}