{"id":33,"date":"2015-10-24T00:32:26","date_gmt":"2015-10-24T00:32:26","guid":{"rendered":"http:\/\/cprada.educacion.navarra.es\/radaschildren\/?p=33"},"modified":"2015-11-06T09:34:12","modified_gmt":"2015-11-06T09:34:12","slug":"bienvenidos-de-nuevo","status":"publish","type":"post","link":"https:\/\/cprada.educacion.navarra.es\/radaschildren\/bienvenidos-de-nuevo\/","title":{"rendered":"BIENVENIDOS DE NUEVO"},"content":{"rendered":"<p>\u00a1Hola<strong> a tod@s!<\/strong>. Bienvenid@s un a\u00f1o m\u00e1s al blog de infantil, desde aqu\u00ed intentaremos ir mostrando las actividades que vamos haciendo en el d\u00eda a d\u00eda dentro del aula, as\u00ed como colgando distintos v\u00eddeos o canciones que vemos en clase para que podamos seguir practic\u00e1ndolas desde casa. Saludos.<\/p>\n<p><a href=\"https:\/\/cprada.educacion.navarra.es\/radaschildren\/wp-content\/uploads\/sites\/3\/2015\/10\/IMG-20151023-WA0012-1024x760.jpg\"><img loading=\"lazy\" class=\"alignnone size-medium wp-image-34\" src=\"https:\/\/cprada.educacion.navarra.es\/radaschildren\/wp-content\/uploads\/sites\/3\/2015\/10\/IMG-20151023-WA0012-1024x760-300x223.jpg\" alt=\"IMG-20151023-WA0012 (1024x760)\" width=\"300\" height=\"223\" srcset=\"https:\/\/cprada.educacion.navarra.es\/radaschildren\/wp-content\/uploads\/sites\/3\/2015\/10\/IMG-20151023-WA0012-1024x760-300x223.jpg 300w, https:\/\/cprada.educacion.navarra.es\/radaschildren\/wp-content\/uploads\/sites\/3\/2015\/10\/IMG-20151023-WA0012-1024x760.jpg 1024w\" sizes=\"(max-width: 300px) 100vw, 300px\" \/><\/a><\/p>\n","protected":false},"excerpt":{"rendered":"<p>\u00a1Hola a tod@s!. Bienvenid@s un a\u00f1o m\u00e1s al blog de infantil, desde aqu\u00ed intentaremos ir mostrando las actividades que vamos haciendo en el d\u00eda a d\u00eda dentro del aula, as\u00ed como colgando distintos v\u00eddeos o canciones que vemos en clase para que podamos seguir practic\u00e1ndolas desde casa. Saludos.<\/p>\n","protected":false},"author":1,"featured_media":0,"comment_status":"open","ping_status":"open","sticky":false,"template":"","format":"standard","meta":[],"categories":[1],"tags":[],"_links":{"self":[{"href":"https:\/\/cprada.educacion.navarra.es\/radaschildren\/wp-json\/wp\/v2\/posts\/33"}],"collection":[{"href":"https:\/\/cprada.educacion.navarra.es\/radaschildren\/wp-json\/wp\/v2\/posts"}],"about":[{"href":"https:\/\/cprada.educacion.navarra.es\/radaschildren\/wp-json\/wp\/v2\/types\/post"}],"author":[{"embeddable":true,"href":"https:\/\/cprada.educacion.navarra.es\/radaschildren\/wp-json\/wp\/v2\/users\/1"}],"replies":[{"embeddable":true,"href":"https:\/\/cprada.educacion.navarra.es\/radaschildren\/wp-json\/wp\/v2\/comments?post=33"}],"version-history":[{"count":4,"href":"https:\/\/cprada.educacion.navarra.es\/radaschildren\/wp-json\/wp\/v2\/posts\/33\/revisions"}],"predecessor-version":[{"id":45,"href":"https:\/\/cprada.educacion.navarra.es\/radaschildren\/wp-json\/wp\/v2\/posts\/33\/revisions\/45"}],"wp:attachment":[{"href":"https:\/\/cprada.educacion.navarra.es\/radaschildren\/wp-json\/wp\/v2\/media?parent=33"}],"wp:term":[{"taxonomy":"category","embeddable":true,"href":"https:\/\/cprada.educacion.navarra.es\/radaschildren\/wp-json\/wp\/v2\/categories?post=33"},{"taxonomy":"post_tag","embeddable":true,"href":"https:\/\/cprada.educacion.navarra.es\/radaschildren\/wp-json\/wp\/v2\/tags?post=33"}],"curies":[{"name":"wp","href":"https:\/\/api.w.org\/{rel}","templated":true}]}}