{"id":339,"date":"2018-06-15T07:56:47","date_gmt":"2018-06-15T07:56:47","guid":{"rendered":"http:\/\/cprada.educacion.navarra.es\/radaschildren\/?p=339"},"modified":"2018-06-15T07:56:47","modified_gmt":"2018-06-15T07:56:47","slug":"somos-artistas","status":"publish","type":"post","link":"https:\/\/cprada.educacion.navarra.es\/radaschildren\/somos-artistas\/","title":{"rendered":"SOMOS ARTISTAS!"},"content":{"rendered":"<p>Este trimestre hemos conocido las obras de arte del pintor Mondrian y hemos trabajado a partir de sus cuadros: vimos qu\u00e9 colores sol\u00eda utilizar, qu\u00e9 formas aparec\u00edan, conocimos algunos datos de su vida&#8230;<\/p>\n<p>Despu\u00e9s de esto, en grupos hicimos cuadros como los suyos y tambi\u00e9n de forma individual. Han quedado muy diferentes y muy bonitos! Pod\u00e9is verlo todo en el siguiente enlace:<\/p>\n<p><a href=\"https:\/\/photos.app.goo.gl\/ByAGLeyrT5feTzu86\">https:\/\/photos.app.goo.gl\/ByAGLeyrT5feTzu86<\/a><\/p>\n<p><img loading=\"lazy\" class=\"\" src=\"https:\/\/1.bp.blogspot.com\/-JDkPijoRxPU\/V_Ei4sgo4jI\/AAAAAAAAFvY\/EkIR-QuLVkYyYO6fkG6_FwFgBzLp2J-EwCLcB\/s1600\/mondrian-grid.jpg\" alt=\"Resultado de imagen de mondrian imagenes\" width=\"421\" height=\"316\" \/><\/p>\n","protected":false},"excerpt":{"rendered":"<p>Este trimestre hemos conocido las obras de arte del pintor Mondrian y hemos trabajado a partir de sus cuadros: vimos qu\u00e9 colores sol\u00eda utilizar, qu\u00e9 formas aparec\u00edan, conocimos algunos datos de su vida&#8230; Despu\u00e9s de esto, en grupos hicimos cuadros como los suyos y tambi\u00e9n de forma individual. Han quedado muy diferentes y muy bonitos! &hellip; <a href=\"https:\/\/cprada.educacion.navarra.es\/radaschildren\/somos-artistas\/\" class=\"more-link\">Seguir leyendo <span class=\"screen-reader-text\">SOMOS ARTISTAS!<\/span> <span class=\"meta-nav\">&rarr;<\/span><\/a><\/p>\n","protected":false},"author":18,"featured_media":0,"comment_status":"open","ping_status":"open","sticky":false,"template":"","format":"standard","meta":[],"categories":[1],"tags":[],"_links":{"self":[{"href":"https:\/\/cprada.educacion.navarra.es\/radaschildren\/wp-json\/wp\/v2\/posts\/339"}],"collection":[{"href":"https:\/\/cprada.educacion.navarra.es\/radaschildren\/wp-json\/wp\/v2\/posts"}],"about":[{"href":"https:\/\/cprada.educacion.navarra.es\/radaschildren\/wp-json\/wp\/v2\/types\/post"}],"author":[{"embeddable":true,"href":"https:\/\/cprada.educacion.navarra.es\/radaschildren\/wp-json\/wp\/v2\/users\/18"}],"replies":[{"embeddable":true,"href":"https:\/\/cprada.educacion.navarra.es\/radaschildren\/wp-json\/wp\/v2\/comments?post=339"}],"version-history":[{"count":1,"href":"https:\/\/cprada.educacion.navarra.es\/radaschildren\/wp-json\/wp\/v2\/posts\/339\/revisions"}],"predecessor-version":[{"id":340,"href":"https:\/\/cprada.educacion.navarra.es\/radaschildren\/wp-json\/wp\/v2\/posts\/339\/revisions\/340"}],"wp:attachment":[{"href":"https:\/\/cprada.educacion.navarra.es\/radaschildren\/wp-json\/wp\/v2\/media?parent=339"}],"wp:term":[{"taxonomy":"category","embeddable":true,"href":"https:\/\/cprada.educacion.navarra.es\/radaschildren\/wp-json\/wp\/v2\/categories?post=339"},{"taxonomy":"post_tag","embeddable":true,"href":"https:\/\/cprada.educacion.navarra.es\/radaschildren\/wp-json\/wp\/v2\/tags?post=339"}],"curies":[{"name":"wp","href":"https:\/\/api.w.org\/{rel}","templated":true}]}}